{"id":2710,"date":"2024-08-09T11:03:34","date_gmt":"2024-08-09T16:03:34","guid":{"rendered":"https:\/\/trailrunningquebec.com\/?p=2710"},"modified":"2024-08-09T11:06:25","modified_gmt":"2024-08-09T16:06:25","slug":"the-application-period-for-the-2024-edition-of-the-eudore-fortin-award-is-now-open","status":"publish","type":"post","link":"https:\/\/trailrunningquebec.com\/en\/media\/the-application-period-for-the-2024-edition-of-the-eudore-fortin-award-is-now-open\/","title":{"rendered":"The application period for the 2024 edition of the Eudore Fortin Award is now open!"},"content":{"rendered":"<div class=\"flex max-w-full flex-col flex-grow\">\n<div class=\"min-h-[20px] text-message flex w-full flex-col items-end gap-2 whitespace-pre-wrap break-words [.text-message+&amp;]:mt-5 overflow-x-auto\" dir=\"auto\" data-message-author-role=\"assistant\" data-message-id=\"554537b2-a6f5-4f6c-ac73-8927819fcac0\">\n<div class=\"flex w-full flex-col gap-1 empty:hidden first:pt-[3px]\">\n<div class=\"markdown prose w-full break-words dark:prose-invert light\">\n<p><strong>Trail Volunteers Recognition: The application period for the 2024 edition of the Eudore Fortin Award is now open!<\/strong><\/p>\n<p>Charlevoix, August 8, 2024 \u2013 Sentier Qu\u00e9bec-Charlevoix and \u00c9v\u00e9nements Harricana announce the launch of the application period for the 4th edition of the Eudore-Fortin Award, which aims to recognize individuals who contribute to the development and promotion of trails in the Charlevoix region. Interested individuals have until August 20, 2024, at 11:59 p.m. to complete the application form available on the websites of both organizations.<\/p>\n<p>It is worth remembering that Clo\u00e9 St-Pierre and Louis-Philippe Dufour Chang, co-founders of the D\u00e9fi des 5 sommets, were the co-recipients of the Eudore-Fortin Award in 2023.<\/p>\n<p>&#8216;The Charlevoix region stands out for the beauty of its territory and access to wild nature. People come from all over Quebec and the world to enjoy the magnificent trails the region has to offer, on foot and by bike. With the Eudore Fortin Award, we want to highlight the involvement of those who make outdoor activities accessible through these numerous trails,&#8217; explains Charles Roberge, President of Sentier-Qu\u00e9bec-Charlevoix.<\/p>\n<p>On the side of \u00c9v\u00e9nements Harricana, they emphasize that there would be no trail running&#8230; without trails. &#8216;People underestimate all the efforts that go into the development and maintenance of trails in Quebec. The boreal forest is rugged and dense. Designing and creating routes and maintaining them every year is a task that takes thousands of hours from dozens of volunteers and professionals,&#8217; adds S\u00e9bastien C\u00f4t\u00e9, President and Co-Founder of \u00c9v\u00e9nements Harricana.<\/p>\n<p>Applications will be reviewed by a committee composed of representatives from \u00c9v\u00e9nements Harricana du Canada and Sentier Qu\u00e9bec-Charlevoix, and the recipient will be announced at the next edition of the Ultra-Trail Harricana du Canada on Sunday, September 8, at Mont Grand-Fonds.<\/p>\n<p>For questions and interviews: 418 617-2271&#8243;<\/p>\n<\/div>\n<\/div>\n<\/div>\n<\/div>\n<div class=\"mt-1 flex gap-3 empty:hidden -ml-2\">\n<div class=\"items-center justify-start rounded-xl p-1 flex\">\n<div class=\"flex items-center\"><button class=\"rounded-lg text-token-text-secondary hover:bg-token-main-surface-secondary\"><\/button><button class=\"rounded-lg text-token-text-secondary hover:bg-token-main-surface-secondary\"><\/button><button class=\"rounded-lg text-token-text-secondary hover:bg-token-main-surface-secondary\"><\/button><\/p>\n<div class=\"flex\"><\/div>\n<div class=\"flex items-center pb-0\">\n<div class=\"[&amp;_svg]:h-full [&amp;_svg]:w-full icon-md h-4 w-4\"><\/div>\n<p><span class=\"overflow-hidden text-clip whitespace-nowrap text-sm\">4o<\/span><\/div>\n<\/div>\n<\/div>\n<\/div>\n","protected":false},"excerpt":{"rendered":"<p>Trail Volunteers Recognition: The application period for the 2024 edition of the Eudore Fortin Award is now open! Charlevoix, August 8, 2024 \u2013 Sentier Qu\u00e9bec-Charlevoix and \u00c9v\u00e9nements Harricana announce the launch of the application period for the 4th edition of the Eudore-Fortin Award, which aims to recognize individuals who contribute to the development and promotion [&hellip;]<\/p>\n","protected":false},"author":4,"featured_media":2705,"comment_status":"closed","ping_status":"closed","sticky":false,"template":"","format":"standard","meta":{"footnotes":""},"categories":[44],"tags":[],"yoast_head":"<!-- This site is optimized with the Yoast SEO plugin v21.5 - https:\/\/yoast.com\/wordpress\/plugins\/seo\/ -->\n<title>The application period for the 2024 edition of the Eudore Fortin Award is now open! - \u00c9v\u00e9nements Harricana<\/title>\n<meta name=\"robots\" content=\"index, follow, max-snippet:-1, max-image-preview:large, max-video-preview:-1\" \/>\n<link rel=\"canonical\" href=\"https:\/\/trailrunningquebec.com\/en\/media\/the-application-period-for-the-2024-edition-of-the-eudore-fortin-award-is-now-open\/\" \/>\n<meta property=\"og:locale\" content=\"en_US\" \/>\n<meta property=\"og:type\" content=\"article\" \/>\n<meta property=\"og:title\" content=\"The application period for the 2024 edition of the Eudore Fortin Award is now open! - \u00c9v\u00e9nements Harricana\" \/>\n<meta property=\"og:description\" content=\"Trail Volunteers Recognition: The application period for the 2024 edition of the Eudore Fortin Award is now open! Charlevoix, August 8, 2024 \u2013 Sentier Qu\u00e9bec-Charlevoix and \u00c9v\u00e9nements Harricana announce the launch of the application period for the 4th edition of the Eudore-Fortin Award, which aims to recognize individuals who contribute to the development and promotion [&hellip;]\" \/>\n<meta property=\"og:url\" content=\"https:\/\/trailrunningquebec.com\/en\/media\/the-application-period-for-the-2024-edition-of-the-eudore-fortin-award-is-now-open\/\" \/>\n<meta property=\"og:site_name\" content=\"\u00c9v\u00e9nements Harricana\" \/>\n<meta property=\"article:published_time\" content=\"2024-08-09T16:03:34+00:00\" \/>\n<meta property=\"article:modified_time\" content=\"2024-08-09T16:06:25+00:00\" \/>\n<meta property=\"og:image\" content=\"https:\/\/trailrunningquebec.com\/wp-content\/uploads\/2024\/08\/Photo-co-recipiendaires-2023-Ian-Roberge-1030x687.jpg\" \/>\n\t<meta property=\"og:image:width\" content=\"1030\" \/>\n\t<meta property=\"og:image:height\" content=\"687\" \/>\n\t<meta property=\"og:image:type\" content=\"image\/jpeg\" \/>\n<meta name=\"author\" content=\"Samuel Matte-Thibault\" \/>\n<script type=\"application\/ld+json\" class=\"yoast-schema-graph\">{\"@context\":\"https:\/\/schema.org\",\"@graph\":[{\"@type\":\"Article\",\"@id\":\"https:\/\/trailrunningquebec.com\/en\/media\/the-application-period-for-the-2024-edition-of-the-eudore-fortin-award-is-now-open\/#article\",\"isPartOf\":{\"@id\":\"https:\/\/trailrunningquebec.com\/en\/media\/the-application-period-for-the-2024-edition-of-the-eudore-fortin-award-is-now-open\/\"},\"author\":{\"name\":\"Samuel Matte-Thibault\",\"@id\":\"https:\/\/trailrunningquebec.com\/#\/schema\/person\/973e0931d596a48c3218c37c8386319b\"},\"headline\":\"The application period for the 2024 edition of the Eudore Fortin Award is now open!\",\"datePublished\":\"2024-08-09T16:03:34+00:00\",\"dateModified\":\"2024-08-09T16:06:25+00:00\",\"mainEntityOfPage\":{\"@id\":\"https:\/\/trailrunningquebec.com\/en\/media\/the-application-period-for-the-2024-edition-of-the-eudore-fortin-award-is-now-open\/\"},\"wordCount\":314,\"publisher\":{\"@id\":\"https:\/\/trailrunningquebec.com\/#organization\"},\"articleSection\":[\"Media\"],\"inLanguage\":\"en-US\"},{\"@type\":\"WebPage\",\"@id\":\"https:\/\/trailrunningquebec.com\/en\/media\/the-application-period-for-the-2024-edition-of-the-eudore-fortin-award-is-now-open\/\",\"url\":\"https:\/\/trailrunningquebec.com\/en\/media\/the-application-period-for-the-2024-edition-of-the-eudore-fortin-award-is-now-open\/\",\"name\":\"The application period for the 2024 edition of the Eudore Fortin Award is now open! - \u00c9v\u00e9nements Harricana\",\"isPartOf\":{\"@id\":\"https:\/\/trailrunningquebec.com\/#website\"},\"datePublished\":\"2024-08-09T16:03:34+00:00\",\"dateModified\":\"2024-08-09T16:06:25+00:00\",\"breadcrumb\":{\"@id\":\"https:\/\/trailrunningquebec.com\/en\/media\/the-application-period-for-the-2024-edition-of-the-eudore-fortin-award-is-now-open\/#breadcrumb\"},\"inLanguage\":\"en-US\",\"potentialAction\":[{\"@type\":\"ReadAction\",\"target\":[\"https:\/\/trailrunningquebec.com\/en\/media\/the-application-period-for-the-2024-edition-of-the-eudore-fortin-award-is-now-open\/\"]}]},{\"@type\":\"BreadcrumbList\",\"@id\":\"https:\/\/trailrunningquebec.com\/en\/media\/the-application-period-for-the-2024-edition-of-the-eudore-fortin-award-is-now-open\/#breadcrumb\",\"itemListElement\":[{\"@type\":\"ListItem\",\"position\":1,\"name\":\"Accueil\",\"item\":\"https:\/\/trailrunningquebec.com\/en\/\"},{\"@type\":\"ListItem\",\"position\":2,\"name\":\"The application period for the 2024 edition of the Eudore Fortin Award is now open!\"}]},{\"@type\":\"WebSite\",\"@id\":\"https:\/\/trailrunningquebec.com\/#website\",\"url\":\"https:\/\/trailrunningquebec.com\/\",\"name\":\"\u00c9v\u00e9nements Harricana\",\"description\":\"\",\"publisher\":{\"@id\":\"https:\/\/trailrunningquebec.com\/#organization\"},\"potentialAction\":[{\"@type\":\"SearchAction\",\"target\":{\"@type\":\"EntryPoint\",\"urlTemplate\":\"https:\/\/trailrunningquebec.com\/?s={search_term_string}\"},\"query-input\":\"required name=search_term_string\"}],\"inLanguage\":\"en-US\"},{\"@type\":\"Organization\",\"@id\":\"https:\/\/trailrunningquebec.com\/#organization\",\"name\":\"\u00c9v\u00e9nements Harricana\",\"url\":\"https:\/\/trailrunningquebec.com\/\",\"logo\":{\"@type\":\"ImageObject\",\"inLanguage\":\"en-US\",\"@id\":\"https:\/\/trailrunningquebec.com\/#\/schema\/logo\/image\/\",\"url\":\"https:\/\/trailrunningquebec.com\/wp-content\/uploads\/2023\/11\/Logos_EH.png\",\"contentUrl\":\"https:\/\/trailrunningquebec.com\/wp-content\/uploads\/2023\/11\/Logos_EH.png\",\"width\":851,\"height\":386,\"caption\":\"\u00c9v\u00e9nements Harricana\"},\"image\":{\"@id\":\"https:\/\/trailrunningquebec.com\/#\/schema\/logo\/image\/\"}},{\"@type\":\"Person\",\"@id\":\"https:\/\/trailrunningquebec.com\/#\/schema\/person\/973e0931d596a48c3218c37c8386319b\",\"name\":\"Samuel Matte-Thibault\",\"image\":{\"@type\":\"ImageObject\",\"inLanguage\":\"en-US\",\"@id\":\"https:\/\/trailrunningquebec.com\/#\/schema\/person\/image\/\",\"url\":\"https:\/\/secure.gravatar.com\/avatar\/c3364cfa0bd9e66c3f11328ff99cf505?s=96&d=mm&r=g\",\"contentUrl\":\"https:\/\/secure.gravatar.com\/avatar\/c3364cfa0bd9e66c3f11328ff99cf505?s=96&d=mm&r=g\",\"caption\":\"Samuel Matte-Thibault\"},\"sameAs\":[\"https:\/\/ultratrailharricana.com\/\"],\"url\":\"https:\/\/trailrunningquebec.com\/en\/author\/samuel\/\"}]}<\/script>\n<!-- \/ Yoast SEO plugin. -->","yoast_head_json":{"title":"The application period for the 2024 edition of the Eudore Fortin Award is now open! - \u00c9v\u00e9nements Harricana","robots":{"index":"index","follow":"follow","max-snippet":"max-snippet:-1","max-image-preview":"max-image-preview:large","max-video-preview":"max-video-preview:-1"},"canonical":"https:\/\/trailrunningquebec.com\/en\/media\/the-application-period-for-the-2024-edition-of-the-eudore-fortin-award-is-now-open\/","og_locale":"en_US","og_type":"article","og_title":"The application period for the 2024 edition of the Eudore Fortin Award is now open! - \u00c9v\u00e9nements Harricana","og_description":"Trail Volunteers Recognition: The application period for the 2024 edition of the Eudore Fortin Award is now open! Charlevoix, August 8, 2024 \u2013 Sentier Qu\u00e9bec-Charlevoix and \u00c9v\u00e9nements Harricana announce the launch of the application period for the 4th edition of the Eudore-Fortin Award, which aims to recognize individuals who contribute to the development and promotion [&hellip;]","og_url":"https:\/\/trailrunningquebec.com\/en\/media\/the-application-period-for-the-2024-edition-of-the-eudore-fortin-award-is-now-open\/","og_site_name":"\u00c9v\u00e9nements Harricana","article_published_time":"2024-08-09T16:03:34+00:00","article_modified_time":"2024-08-09T16:06:25+00:00","og_image":[{"width":1030,"height":687,"url":"https:\/\/trailrunningquebec.com\/wp-content\/uploads\/2024\/08\/Photo-co-recipiendaires-2023-Ian-Roberge-1030x687.jpg","type":"image\/jpeg"}],"author":"Samuel Matte-Thibault","schema":{"@context":"https:\/\/schema.org","@graph":[{"@type":"Article","@id":"https:\/\/trailrunningquebec.com\/en\/media\/the-application-period-for-the-2024-edition-of-the-eudore-fortin-award-is-now-open\/#article","isPartOf":{"@id":"https:\/\/trailrunningquebec.com\/en\/media\/the-application-period-for-the-2024-edition-of-the-eudore-fortin-award-is-now-open\/"},"author":{"name":"Samuel Matte-Thibault","@id":"https:\/\/trailrunningquebec.com\/#\/schema\/person\/973e0931d596a48c3218c37c8386319b"},"headline":"The application period for the 2024 edition of the Eudore Fortin Award is now open!","datePublished":"2024-08-09T16:03:34+00:00","dateModified":"2024-08-09T16:06:25+00:00","mainEntityOfPage":{"@id":"https:\/\/trailrunningquebec.com\/en\/media\/the-application-period-for-the-2024-edition-of-the-eudore-fortin-award-is-now-open\/"},"wordCount":314,"publisher":{"@id":"https:\/\/trailrunningquebec.com\/#organization"},"articleSection":["Media"],"inLanguage":"en-US"},{"@type":"WebPage","@id":"https:\/\/trailrunningquebec.com\/en\/media\/the-application-period-for-the-2024-edition-of-the-eudore-fortin-award-is-now-open\/","url":"https:\/\/trailrunningquebec.com\/en\/media\/the-application-period-for-the-2024-edition-of-the-eudore-fortin-award-is-now-open\/","name":"The application period for the 2024 edition of the Eudore Fortin Award is now open! - \u00c9v\u00e9nements Harricana","isPartOf":{"@id":"https:\/\/trailrunningquebec.com\/#website"},"datePublished":"2024-08-09T16:03:34+00:00","dateModified":"2024-08-09T16:06:25+00:00","breadcrumb":{"@id":"https:\/\/trailrunningquebec.com\/en\/media\/the-application-period-for-the-2024-edition-of-the-eudore-fortin-award-is-now-open\/#breadcrumb"},"inLanguage":"en-US","potentialAction":[{"@type":"ReadAction","target":["https:\/\/trailrunningquebec.com\/en\/media\/the-application-period-for-the-2024-edition-of-the-eudore-fortin-award-is-now-open\/"]}]},{"@type":"BreadcrumbList","@id":"https:\/\/trailrunningquebec.com\/en\/media\/the-application-period-for-the-2024-edition-of-the-eudore-fortin-award-is-now-open\/#breadcrumb","itemListElement":[{"@type":"ListItem","position":1,"name":"Accueil","item":"https:\/\/trailrunningquebec.com\/en\/"},{"@type":"ListItem","position":2,"name":"The application period for the 2024 edition of the Eudore Fortin Award is now open!"}]},{"@type":"WebSite","@id":"https:\/\/trailrunningquebec.com\/#website","url":"https:\/\/trailrunningquebec.com\/","name":"\u00c9v\u00e9nements Harricana","description":"","publisher":{"@id":"https:\/\/trailrunningquebec.com\/#organization"},"potentialAction":[{"@type":"SearchAction","target":{"@type":"EntryPoint","urlTemplate":"https:\/\/trailrunningquebec.com\/?s={search_term_string}"},"query-input":"required name=search_term_string"}],"inLanguage":"en-US"},{"@type":"Organization","@id":"https:\/\/trailrunningquebec.com\/#organization","name":"\u00c9v\u00e9nements Harricana","url":"https:\/\/trailrunningquebec.com\/","logo":{"@type":"ImageObject","inLanguage":"en-US","@id":"https:\/\/trailrunningquebec.com\/#\/schema\/logo\/image\/","url":"https:\/\/trailrunningquebec.com\/wp-content\/uploads\/2023\/11\/Logos_EH.png","contentUrl":"https:\/\/trailrunningquebec.com\/wp-content\/uploads\/2023\/11\/Logos_EH.png","width":851,"height":386,"caption":"\u00c9v\u00e9nements Harricana"},"image":{"@id":"https:\/\/trailrunningquebec.com\/#\/schema\/logo\/image\/"}},{"@type":"Person","@id":"https:\/\/trailrunningquebec.com\/#\/schema\/person\/973e0931d596a48c3218c37c8386319b","name":"Samuel Matte-Thibault","image":{"@type":"ImageObject","inLanguage":"en-US","@id":"https:\/\/trailrunningquebec.com\/#\/schema\/person\/image\/","url":"https:\/\/secure.gravatar.com\/avatar\/c3364cfa0bd9e66c3f11328ff99cf505?s=96&d=mm&r=g","contentUrl":"https:\/\/secure.gravatar.com\/avatar\/c3364cfa0bd9e66c3f11328ff99cf505?s=96&d=mm&r=g","caption":"Samuel Matte-Thibault"},"sameAs":["https:\/\/ultratrailharricana.com\/"],"url":"https:\/\/trailrunningquebec.com\/en\/author\/samuel\/"}]}},"_links":{"self":[{"href":"https:\/\/trailrunningquebec.com\/en\/wp-json\/wp\/v2\/posts\/2710"}],"collection":[{"href":"https:\/\/trailrunningquebec.com\/en\/wp-json\/wp\/v2\/posts"}],"about":[{"href":"https:\/\/trailrunningquebec.com\/en\/wp-json\/wp\/v2\/types\/post"}],"author":[{"embeddable":true,"href":"https:\/\/trailrunningquebec.com\/en\/wp-json\/wp\/v2\/users\/4"}],"replies":[{"embeddable":true,"href":"https:\/\/trailrunningquebec.com\/en\/wp-json\/wp\/v2\/comments?post=2710"}],"version-history":[{"count":3,"href":"https:\/\/trailrunningquebec.com\/en\/wp-json\/wp\/v2\/posts\/2710\/revisions"}],"predecessor-version":[{"id":2714,"href":"https:\/\/trailrunningquebec.com\/en\/wp-json\/wp\/v2\/posts\/2710\/revisions\/2714"}],"wp:featuredmedia":[{"embeddable":true,"href":"https:\/\/trailrunningquebec.com\/en\/wp-json\/wp\/v2\/media\/2705"}],"wp:attachment":[{"href":"https:\/\/trailrunningquebec.com\/en\/wp-json\/wp\/v2\/media?parent=2710"}],"wp:term":[{"taxonomy":"category","embeddable":true,"href":"https:\/\/trailrunningquebec.com\/en\/wp-json\/wp\/v2\/categories?post=2710"},{"taxonomy":"post_tag","embeddable":true,"href":"https:\/\/trailrunningquebec.com\/en\/wp-json\/wp\/v2\/tags?post=2710"}],"curies":[{"name":"wp","href":"https:\/\/api.w.org\/{rel}","templated":true}]}}